{"id":515,"date":"2025-03-15T00:00:00","date_gmt":"2025-03-15T00:00:00","guid":{"rendered":"https:\/\/trudnednitam.pl\/?p=515"},"modified":"2025-03-15T00:00:00","modified_gmt":"2025-03-15T00:00:00","slug":"stylizacje-z-swetrem-w-serek-na-weekendowy-wypad","status":"publish","type":"post","link":"https:\/\/trudnednitam.pl\/ro\/stylizacje-z-swetrem-w-serek-na-weekendowy-wypad\/","title":{"rendered":"\u021ainute cu pulovere cu decolteu \u00een V pentru o escapad\u0103 de weekend"},"content":{"rendered":"<div class=\"kk-star-ratings kksr-auto kksr-align-left kksr-valign-top\"\n    data-payload='{&quot;align&quot;:&quot;left&quot;,&quot;id&quot;:&quot;515&quot;,&quot;slug&quot;:&quot;default&quot;,&quot;valign&quot;:&quot;top&quot;,&quot;ignore&quot;:&quot;&quot;,&quot;reference&quot;:&quot;auto&quot;,&quot;class&quot;:&quot;&quot;,&quot;count&quot;:&quot;0&quot;,&quot;legendonly&quot;:&quot;&quot;,&quot;readonly&quot;:&quot;&quot;,&quot;score&quot;:&quot;0&quot;,&quot;starsonly&quot;:&quot;&quot;,&quot;best&quot;:&quot;5&quot;,&quot;gap&quot;:&quot;5&quot;,&quot;greet&quot;:&quot;&quot;,&quot;legend&quot;:&quot;0\\\/5 - (0 votes)&quot;,&quot;size&quot;:&quot;24&quot;,&quot;title&quot;:&quot;Stylizacje z swetrem w serek na weekendowy wypad&quot;,&quot;width&quot;:&quot;0&quot;,&quot;_legend&quot;:&quot;{score}\\\/{best} - ({count} {votes})&quot;,&quot;font_factor&quot;:&quot;1.25&quot;}'>\n            \n<div class=\"kksr-stars\">\n    \n<div class=\"kksr-stars-inactive\">\n            <div class=\"kksr-star\" data-star=\"1\" style=\"padding-right: 5px\">\n            \n\n<div class=\"kksr-icon\" style=\"width: 24px; height: 24px;\"><\/div>\n        <\/div>\n            <div class=\"kksr-star\" data-star=\"2\" style=\"padding-right: 5px\">\n            \n\n<div class=\"kksr-icon\" style=\"width: 24px; height: 24px;\"><\/div>\n        <\/div>\n            <div class=\"kksr-star\" data-star=\"3\" style=\"padding-right: 5px\">\n            \n\n<div class=\"kksr-icon\" style=\"width: 24px; height: 24px;\"><\/div>\n        <\/div>\n            <div class=\"kksr-star\" data-star=\"4\" style=\"padding-right: 5px\">\n            \n\n<div class=\"kksr-icon\" style=\"width: 24px; height: 24px;\"><\/div>\n        <\/div>\n            <div class=\"kksr-star\" data-star=\"5\" style=\"padding-right: 5px\">\n            \n\n<div class=\"kksr-icon\" style=\"width: 24px; height: 24px;\"><\/div>\n        <\/div>\n    <\/div>\n    \n<div class=\"kksr-stars-active\" style=\"width: 0px;\">\n            <div class=\"kksr-star\" style=\"padding-right: 5px\">\n            \n\n<div class=\"kksr-icon\" style=\"width: 24px; height: 24px;\"><\/div>\n        <\/div>\n            <div class=\"kksr-star\" style=\"padding-right: 5px\">\n            \n\n<div class=\"kksr-icon\" style=\"width: 24px; height: 24px;\"><\/div>\n        <\/div>\n            <div class=\"kksr-star\" style=\"padding-right: 5px\">\n            \n\n<div class=\"kksr-icon\" style=\"width: 24px; height: 24px;\"><\/div>\n        <\/div>\n            <div class=\"kksr-star\" style=\"padding-right: 5px\">\n            \n\n<div class=\"kksr-icon\" style=\"width: 24px; height: 24px;\"><\/div>\n        <\/div>\n            <div class=\"kksr-star\" style=\"padding-right: 5px\">\n            \n\n<div class=\"kksr-icon\" style=\"width: 24px; height: 24px;\"><\/div>\n        <\/div>\n    <\/div>\n<\/div>\n                \n\n<div class=\"kksr-legend\" style=\"font-size: 19.2px;\">\n            <span class=\"kksr-muted\"><\/span>\n    <\/div>\n    <\/div>\n<p>Weekendul este o oportunitate de a-\u021bi exprima stilul \u0219i de a-\u021bi etala latura cea mai bun\u0103. Un pulover cu decolteu \u00een V este unul dintre acele elemente care pot deveni un punct cheie al oric\u0103rui stil. Aceast\u0103 pies\u0103 vestimentar\u0103 nu numai c\u0103 adaug\u0103 elegan\u021b\u0103, dar ofer\u0103 \u0219i confort, lucru esen\u021bial atunci c\u00e2nd planifici activit\u0103\u021bi \u00een aer liber. Merit\u0103 s\u0103 investe\u0219ti \u00een acest stil atemporal, care revine mereu la mod\u0103, indiferent de anotimp. Ofer\u0103 posibilit\u0103\u021bi nelimitate de stilizare - de la casual la mai formal. \u021ai-am preg\u0103tit inspira\u021bie care va face ca weekendul t\u0103u s\u0103 arate unic.<\/p>\n<h2>De ce merit\u0103 s\u0103 ai un pulover cu decolteu \u00een V \u00een garderob\u0103?<\/h2>\n<p><img decoding=\"async\" alt=\"Para siedzi na kocyku w parku, ciesz\u0105c si\u0119 piknikiem, pij\u0105c nap\u00f3j i rozmawiaj\u0105c ze sob\u0105 w s\u0142o\u0144cu.\" src=\"https:\/\/trudnednitam.pl\/wp-content\/uploads\/imagea483bc0da8104b59a2fad5ead0df7712.png\"\/><\/p>\n<p>Un pulover cu decolteu \u00een V nu este doar un accesoriu la mod\u0103; este un articol vestimentar care \u00eendepline\u0219te multe func\u021bii. Este demn de remarcat faptul c\u0103 este extrem de versatil. Poate fi purtat at\u00e2t \u00een fiecare zi, c\u00e2t \u0219i la ocazii speciale. \u00cen plus, caracteristicile sale \u00eel fac potrivit pentru diverse stiluri \u0219i tipuri de corp. Aleg\u00e2nd culoarea \u0219i materialul potrivit, po\u021bi crea un stil pentru fiecare sezon.<\/p>\n<ul>\n<li><strong>Versatilitate:<\/strong> Perfect pentru multe stiluri diferite.<\/li>\n<li><strong>Confort:<\/strong> Fabricat din materiale moi, asigur\u0103 confort la fiecare pas.<\/li>\n<li><strong>Aspect elegant:<\/strong> Un pulover bine ales adaug\u0103 \u0219ic \u0219i elegan\u021b\u0103.<\/li>\n<\/ul>\n<h2>Stil de via\u021b\u0103 pentru o escapad\u0103 de weekend<\/h2>\n<p><img decoding=\"async\" alt=\"M\u0142oda kobieta w swetrze stoi w eleganckim pokoju, prezentuj\u0105c si\u0119 z pewno\u015bci\u0105 siebie.\" src=\"https:\/\/trudnednitam.pl\/wp-content\/uploads\/image8158148237b145bfb6c56f7d63f23a77.png\"\/><\/p>\n<p>C\u00e2nd vine vorba de modalit\u0103\u021bi creative de a folosi un pulover cu decolteu \u00een V, posibilit\u0103\u021bile sunt nelimitate. Posibilitatea de a-l asorta cu diferite piese vestimentare face ca fiecare look s\u0103 fie unic. Haide\u021bi s\u0103 arunc\u0103m o privire la c\u00e2teva exemple care v\u0103 pot inspira s\u0103 crea\u021bi \u021binuta perfect\u0103 pentru weekend.<\/p>\n<p>Un pulover cu decolteu \u00een V se potrive\u0219te de minune cu stilurile casual de zi cu zi. \u00cel po\u021bi asorta cu multe tipuri de pantaloni. Iat\u0103 c\u00e2teva sugestii care vor face ca stilul t\u0103u s\u0103 fie confortabil, dar \u0219i la mod\u0103:<\/p>\n<ul>\n<li><strong>Pantaloni din denim:<\/strong> Blugii clasici se vor potrivi bine cu un pulover, cre\u00e2nd un set confortabil pentru orice ocazie.<\/li>\n<li><strong>Fust\u0103 mini:<\/strong> Combinarea unui pulover cu o fust\u0103 feminin\u0103 este o alegere excelent\u0103 pentru \u00eent\u00e2lnirile cu prietenele.<\/li>\n<\/ul>\n<table border=\"1\">\n<tr>\n<th>Tip de stil<\/th>\n<th>Elemente<\/th>\n<\/tr>\n<tr>\n<td>Casual<\/td>\n<td>Blugi, adida\u0219i<\/td>\n<\/tr>\n<tr>\n<td>Elegant<\/td>\n<td>Rochie, tocuri<\/td>\n<\/tr>\n<tr>\n<td>Sportiv<\/td>\n<td>Colan\u021bi, adida\u0219i<\/td>\n<\/tr>\n<\/table>\n<p>Ocaziile elegante sunt o alt\u0103 ocazie \u00een care un pulover cu decolteu \u00een V poate str\u0103luci. Elementele alese cu grij\u0103 \u00eei pot accentua farmecul, transform\u00e2ndu-te \u00een vedeta oric\u0103rei petreceri. Stilurile de pulovere cu decolteu \u00een V care \u00eel combin\u0103 cu haine mai formale au, de asemenea, multe de oferit.<\/p>\n<ul>\n<li><strong>Pantaloni din material textil:<\/strong> Chic se potrive\u0219te de minune cu un pulover pentru ocazii mai formale.<\/li>\n<li><strong>Rochie:<\/strong> Un pulover peste o rochie pu\u021bin str\u00e2mt\u0103 va ad\u0103uga caracter \u0219i expresivitate stilului t\u0103u.<\/li>\n<\/ul>\n<h2>Accesorii care completeaz\u0103 stilul<\/h2>\n<p>Alegerea accesoriilor potrivite este esen\u021bial\u0103 pentru orice stil. Geanta \u0219i bijuteriile potrivite pot schimba complet caracterul aspectului t\u0103u. Iat\u0103 c\u00e2teva idei despre cum s\u0103 completezi un pulover cu decolteu \u00een V:<\/p>\n<ul>\n<li><strong>Gen\u021bi:<\/strong> Alege o geant\u0103 de um\u0103r mare pentru uzul zilnic sau un clutch mic pentru o ie\u0219ire \u00een ora\u0219 de sear\u0103.<\/li>\n<li><strong>Bijuterii:<\/strong> Colierele minimaliste sau cerceii delica\u021bi se vor potrivi perfect cu puloverul t\u0103u.<\/li>\n<\/ul>\n<h2>Cum s\u0103 \u00eengrije\u0219ti un pulover cu decolteu \u00een V?<\/h2>\n<p>Av\u00e2nd grij\u0103 de puloverul t\u0103u, te po\u021bi bucura de frumuse\u021bea lui pentru o perioad\u0103 mai lung\u0103 de timp. Exist\u0103 c\u00e2teva reguli care merit\u0103 respectate pentru a men\u021bine calitatea acestuia:<\/p>\n<ul>\n<li><strong>Sp\u0103lare la temperatur\u0103 joas\u0103:<\/strong> Se recomand\u0103 sp\u0103larea puloverelor la 30\u00b0C pentru a evita contrac\u021bia.<\/li>\n<li><strong>Uscat pe suprafa\u021b\u0103 plan\u0103:<\/strong> Evita\u021bi uscarea \u00een usc\u0103tor pentru a p\u0103stra forma original\u0103 a puloverului.<\/li>\n<\/ul>\n<h2>Rezumat<\/h2>\n<p>Puloverele cu decolteu \u00een V pentru o escapad\u0103 de weekend ofer\u0103 o gam\u0103 larg\u0103 de posibilit\u0103\u021bi. Datorit\u0103 versatilit\u0103\u021bii lor, po\u021bi crea at\u00e2t seturi casual, c\u00e2t \u0219i elegante. Nu uita de accesoriile potrivite care pot face fiecare stil unic. Fii creativ\u0103 \u00een combinarea diferitelor elemente \u0219i nu te teme s\u0103 experimentezi. De asemenea, nu uita s\u0103 ai grij\u0103 de puloverul t\u0103u, astfel \u00eenc\u00e2t s\u0103 te po\u021bi bucura de farmecul s\u0103u mult timp.<\/p>\n<h2>\u00centreb\u0103ri frecvente<\/h2>\n<ul>\n<li><strong>Ce materiale sunt cele mai bune pentru un pulover cu decolteu \u00een V?<\/strong> Cele mai bune sunt fibrele naturale precum l\u00e2na, bumbacul sau ca\u0219mirul, care ofer\u0103 confort \u0219i respirabilitate.<\/li>\n<li><strong>Se potrive\u0219te un pulover cu decolteu \u00een V oric\u0103rei siluete?<\/strong> Da, un pulover cu decolteu \u00een V prelunge\u0219te vizual g\u00e2tul, ceea ce este flatant pentru majoritatea tipurilor de corp.<\/li>\n<li><strong>Ce culori de pulover cu decolteu \u00een V s\u0103 alegi pentru o escapad\u0103 de weekend?<\/strong> Culorile clasice precum negrul, griul \u0219i albul se vor potrivi cu multe stiluri, \u00een timp ce culorile vibrante vor ad\u0103uga energie.<\/li>\n<li><strong>Se poate purta un pulover cu decolteu \u00een V vara?<\/strong> Da, \u00een serile mai r\u0103coroase de var\u0103, acest pulover va fi haina u\u0219oar\u0103 \u0219i perfect\u0103 pentru a te acoperi.<\/li>\n<li><strong>Ce pantofi se potrivesc cel mai bine cu un pulover cu decolteu \u00een V?<\/strong> \u00cen cazul unui stil casual, adida\u0219ii sunt grozavi, \u00een timp ce pentru \u021binute elegante merit\u0103 s\u0103 alegi tocuri \u00eenalte sau botine elegante.<\/li>\n<\/ul>","protected":false},"excerpt":{"rendered":"<p>Ie\u0219irile \u00een ora\u0219 sunt o ocazie s\u0103-\u021bi exprimi stilul \u0219i s\u0103-\u021bi etalezi cea mai bun\u0103 latur\u0103. Un pulover cu decolteu \u00een V este una dintre acele piese vestimentare care pot fi... <\/p>","protected":false},"author":1,"featured_media":488,"comment_status":"closed","ping_status":"closed","sticky":false,"template":"","format":"standard","meta":{"_acf_changed":false,"footnotes":""},"categories":[1],"tags":[],"class_list":["post-515","post","type-post","status-publish","format-standard","has-post-thumbnail","hentry","category-blog"],"acf":[],"yoast_head":"<!-- This site is optimized with the Yoast SEO plugin v23.2 - https:\/\/yoast.com\/wordpress\/plugins\/seo\/ -->\n<title>Stylizacje z Swetrem w Serek na Weekendowy Wypad \u2013 Inspiracje i Porady<\/title>\n<meta name=\"description\" content=\"Odkryj modne stylizacje z swetrem w serek na weekendowy wypad! Sprawd\u017a nasze porady i inspiracje, kt\u00f3re zachwyc\u0105 Tw\u00f3j look.\" \/>\n<meta name=\"robots\" content=\"index, follow, max-snippet:-1, max-image-preview:large, max-video-preview:-1\" \/>\n<link rel=\"canonical\" href=\"https:\/\/trudnednitam.pl\/ro\/stylizacje-z-swetrem-w-serek-na-weekendowy-wypad\/\" \/>\n<meta property=\"og:locale\" content=\"ro_RO\" \/>\n<meta property=\"og:type\" content=\"article\" \/>\n<meta property=\"og:title\" content=\"Stylizacje z Swetrem w Serek na Weekendowy Wypad \u2013 Inspiracje i Porady\" \/>\n<meta property=\"og:description\" content=\"Odkryj modne stylizacje z swetrem w serek na weekendowy wypad! Sprawd\u017a nasze porady i inspiracje, kt\u00f3re zachwyc\u0105 Tw\u00f3j look.\" \/>\n<meta property=\"og:url\" content=\"https:\/\/trudnednitam.pl\/ro\/stylizacje-z-swetrem-w-serek-na-weekendowy-wypad\/\" \/>\n<meta property=\"og:site_name\" content=\"trudnednitam.pl\" \/>\n<meta property=\"article:published_time\" content=\"2025-03-15T00:00:00+00:00\" \/>\n<meta property=\"og:image\" content=\"https:\/\/trudnednitam.pl\/wp-content\/uploads\/image34ba0c73e6904af68c73080906b762f6.png\" \/>\n\t<meta property=\"og:image:width\" content=\"1024\" \/>\n\t<meta property=\"og:image:height\" content=\"768\" \/>\n\t<meta property=\"og:image:type\" content=\"image\/png\" \/>\n<meta name=\"author\" content=\"Kamila Pawlik\" \/>\n<meta name=\"twitter:card\" content=\"summary_large_image\" \/>\n<meta name=\"twitter:label1\" content=\"Scris de\" \/>\n\t<meta name=\"twitter:data1\" content=\"Kamila Pawlik\" \/>\n\t<meta name=\"twitter:label2\" content=\"Timp estimat pentru citire\" \/>\n\t<meta name=\"twitter:data2\" content=\"4 minute\" \/>\n<script type=\"application\/ld+json\" class=\"yoast-schema-graph\">{\"@context\":\"https:\/\/schema.org\",\"@graph\":[{\"@type\":\"WebPage\",\"@id\":\"https:\/\/trudnednitam.pl\/stylizacje-z-swetrem-w-serek-na-weekendowy-wypad\/\",\"url\":\"https:\/\/trudnednitam.pl\/stylizacje-z-swetrem-w-serek-na-weekendowy-wypad\/\",\"name\":\"Stylizacje z Swetrem w Serek na Weekendowy Wypad \u2013 Inspiracje i Porady\",\"isPartOf\":{\"@id\":\"https:\/\/trudnednitam.pl\/#website\"},\"primaryImageOfPage\":{\"@id\":\"https:\/\/trudnednitam.pl\/stylizacje-z-swetrem-w-serek-na-weekendowy-wypad\/#primaryimage\"},\"image\":{\"@id\":\"https:\/\/trudnednitam.pl\/stylizacje-z-swetrem-w-serek-na-weekendowy-wypad\/#primaryimage\"},\"thumbnailUrl\":\"https:\/\/trudnednitam.pl\/wp-content\/uploads\/image34ba0c73e6904af68c73080906b762f6.png\",\"datePublished\":\"2025-03-15T00:00:00+00:00\",\"dateModified\":\"2025-03-15T00:00:00+00:00\",\"author\":{\"@id\":\"https:\/\/trudnednitam.pl\/#\/schema\/person\/72c9753cded5a86d8d16b19e304c545b\"},\"description\":\"Odkryj modne stylizacje z swetrem w serek na weekendowy wypad! Sprawd\u017a nasze porady i inspiracje, kt\u00f3re zachwyc\u0105 Tw\u00f3j look.\",\"breadcrumb\":{\"@id\":\"https:\/\/trudnednitam.pl\/stylizacje-z-swetrem-w-serek-na-weekendowy-wypad\/#breadcrumb\"},\"inLanguage\":\"ro-RO\",\"potentialAction\":[{\"@type\":\"ReadAction\",\"target\":[\"https:\/\/trudnednitam.pl\/stylizacje-z-swetrem-w-serek-na-weekendowy-wypad\/\"]}]},{\"@type\":\"ImageObject\",\"inLanguage\":\"ro-RO\",\"@id\":\"https:\/\/trudnednitam.pl\/stylizacje-z-swetrem-w-serek-na-weekendowy-wypad\/#primaryimage\",\"url\":\"https:\/\/trudnednitam.pl\/wp-content\/uploads\/image34ba0c73e6904af68c73080906b762f6.png\",\"contentUrl\":\"https:\/\/trudnednitam.pl\/wp-content\/uploads\/image34ba0c73e6904af68c73080906b762f6.png\",\"width\":1024,\"height\":768},{\"@type\":\"BreadcrumbList\",\"@id\":\"https:\/\/trudnednitam.pl\/stylizacje-z-swetrem-w-serek-na-weekendowy-wypad\/#breadcrumb\",\"itemListElement\":[{\"@type\":\"ListItem\",\"position\":1,\"name\":\"Home\",\"item\":\"https:\/\/trudnednitam.pl\/\"},{\"@type\":\"ListItem\",\"position\":2,\"name\":\"Stylizacje z swetrem w serek na weekendowy wypad\"}]},{\"@type\":\"WebSite\",\"@id\":\"https:\/\/trudnednitam.pl\/#website\",\"url\":\"https:\/\/trudnednitam.pl\/\",\"name\":\"trudnednitam.pl\",\"description\":\"N\u00f3\u017c Huusk: precyzja w przyst\u0119pnej cenie.\",\"potentialAction\":[{\"@type\":\"SearchAction\",\"target\":{\"@type\":\"EntryPoint\",\"urlTemplate\":\"https:\/\/trudnednitam.pl\/?s={search_term_string}\"},\"query-input\":\"required name=search_term_string\"}],\"inLanguage\":\"ro-RO\"},{\"@type\":\"Person\",\"@id\":\"https:\/\/trudnednitam.pl\/#\/schema\/person\/72c9753cded5a86d8d16b19e304c545b\",\"name\":\"Kamila Pawlik\",\"image\":{\"@type\":\"ImageObject\",\"inLanguage\":\"ro-RO\",\"@id\":\"https:\/\/trudnednitam.pl\/#\/schema\/person\/image\/\",\"url\":\"https:\/\/trudnednitam.pl\/wp-content\/uploads\/fzfseicyoj5_ad_avatar-96x96.jpg\",\"contentUrl\":\"https:\/\/trudnednitam.pl\/wp-content\/uploads\/fzfseicyoj5_ad_avatar-96x96.jpg\",\"caption\":\"Kamila Pawlik\"},\"url\":\"https:\/\/trudnednitam.pl\/ro\/author\/kamila-pawlik\/\"}]}<\/script>\n<!-- \/ Yoast SEO plugin. -->","yoast_head_json":{"title":"Stylizacje z Swetrem w Serek na Weekendowy Wypad \u2013 Inspiracje i Porady","description":"Odkryj modne stylizacje z swetrem w serek na weekendowy wypad! Sprawd\u017a nasze porady i inspiracje, kt\u00f3re zachwyc\u0105 Tw\u00f3j look.","robots":{"index":"index","follow":"follow","max-snippet":"max-snippet:-1","max-image-preview":"max-image-preview:large","max-video-preview":"max-video-preview:-1"},"canonical":"https:\/\/trudnednitam.pl\/ro\/stylizacje-z-swetrem-w-serek-na-weekendowy-wypad\/","og_locale":"ro_RO","og_type":"article","og_title":"Stylizacje z Swetrem w Serek na Weekendowy Wypad \u2013 Inspiracje i Porady","og_description":"Odkryj modne stylizacje z swetrem w serek na weekendowy wypad! Sprawd\u017a nasze porady i inspiracje, kt\u00f3re zachwyc\u0105 Tw\u00f3j look.","og_url":"https:\/\/trudnednitam.pl\/ro\/stylizacje-z-swetrem-w-serek-na-weekendowy-wypad\/","og_site_name":"trudnednitam.pl","article_published_time":"2025-03-15T00:00:00+00:00","og_image":[{"width":1024,"height":768,"url":"https:\/\/trudnednitam.pl\/wp-content\/uploads\/image34ba0c73e6904af68c73080906b762f6.png","type":"image\/png"}],"author":"Kamila Pawlik","twitter_card":"summary_large_image","twitter_misc":{"Scris de":"Kamila Pawlik","Timp estimat pentru citire":"4 minute"},"schema":{"@context":"https:\/\/schema.org","@graph":[{"@type":"WebPage","@id":"https:\/\/trudnednitam.pl\/stylizacje-z-swetrem-w-serek-na-weekendowy-wypad\/","url":"https:\/\/trudnednitam.pl\/stylizacje-z-swetrem-w-serek-na-weekendowy-wypad\/","name":"Stylizacje z Swetrem w Serek na Weekendowy Wypad \u2013 Inspiracje i Porady","isPartOf":{"@id":"https:\/\/trudnednitam.pl\/#website"},"primaryImageOfPage":{"@id":"https:\/\/trudnednitam.pl\/stylizacje-z-swetrem-w-serek-na-weekendowy-wypad\/#primaryimage"},"image":{"@id":"https:\/\/trudnednitam.pl\/stylizacje-z-swetrem-w-serek-na-weekendowy-wypad\/#primaryimage"},"thumbnailUrl":"https:\/\/trudnednitam.pl\/wp-content\/uploads\/image34ba0c73e6904af68c73080906b762f6.png","datePublished":"2025-03-15T00:00:00+00:00","dateModified":"2025-03-15T00:00:00+00:00","author":{"@id":"https:\/\/trudnednitam.pl\/#\/schema\/person\/72c9753cded5a86d8d16b19e304c545b"},"description":"Odkryj modne stylizacje z swetrem w serek na weekendowy wypad! Sprawd\u017a nasze porady i inspiracje, kt\u00f3re zachwyc\u0105 Tw\u00f3j look.","breadcrumb":{"@id":"https:\/\/trudnednitam.pl\/stylizacje-z-swetrem-w-serek-na-weekendowy-wypad\/#breadcrumb"},"inLanguage":"ro-RO","potentialAction":[{"@type":"ReadAction","target":["https:\/\/trudnednitam.pl\/stylizacje-z-swetrem-w-serek-na-weekendowy-wypad\/"]}]},{"@type":"ImageObject","inLanguage":"ro-RO","@id":"https:\/\/trudnednitam.pl\/stylizacje-z-swetrem-w-serek-na-weekendowy-wypad\/#primaryimage","url":"https:\/\/trudnednitam.pl\/wp-content\/uploads\/image34ba0c73e6904af68c73080906b762f6.png","contentUrl":"https:\/\/trudnednitam.pl\/wp-content\/uploads\/image34ba0c73e6904af68c73080906b762f6.png","width":1024,"height":768},{"@type":"BreadcrumbList","@id":"https:\/\/trudnednitam.pl\/stylizacje-z-swetrem-w-serek-na-weekendowy-wypad\/#breadcrumb","itemListElement":[{"@type":"ListItem","position":1,"name":"Home","item":"https:\/\/trudnednitam.pl\/"},{"@type":"ListItem","position":2,"name":"Stylizacje z swetrem w serek na weekendowy wypad"}]},{"@type":"WebSite","@id":"https:\/\/trudnednitam.pl\/#website","url":"https:\/\/trudnednitam.pl\/","name":"trudnednitam.pl","description":"N\u00f3\u017c Huusk: precyzja w przyst\u0119pnej cenie.","potentialAction":[{"@type":"SearchAction","target":{"@type":"EntryPoint","urlTemplate":"https:\/\/trudnednitam.pl\/?s={search_term_string}"},"query-input":"required name=search_term_string"}],"inLanguage":"ro-RO"},{"@type":"Person","@id":"https:\/\/trudnednitam.pl\/#\/schema\/person\/72c9753cded5a86d8d16b19e304c545b","name":"Kamila Pawlik","image":{"@type":"ImageObject","inLanguage":"ro-RO","@id":"https:\/\/trudnednitam.pl\/#\/schema\/person\/image\/","url":"https:\/\/trudnednitam.pl\/wp-content\/uploads\/fzfseicyoj5_ad_avatar-96x96.jpg","contentUrl":"https:\/\/trudnednitam.pl\/wp-content\/uploads\/fzfseicyoj5_ad_avatar-96x96.jpg","caption":"Kamila Pawlik"},"url":"https:\/\/trudnednitam.pl\/ro\/author\/kamila-pawlik\/"}]}},"yoast_meta":{"yoast_wpseo_title":"","yoast_wpseo_metadesc":"","yoast_wpseo_canonical":"https:\/\/trudnednitam.pl\/ro\/wp-json\/wp\/v2\/posts\/515"},"_links":{"self":[{"href":"https:\/\/trudnednitam.pl\/ro\/wp-json\/wp\/v2\/posts\/515","targetHints":{"allow":["GET"]}}],"collection":[{"href":"https:\/\/trudnednitam.pl\/ro\/wp-json\/wp\/v2\/posts"}],"about":[{"href":"https:\/\/trudnednitam.pl\/ro\/wp-json\/wp\/v2\/types\/post"}],"author":[{"embeddable":true,"href":"https:\/\/trudnednitam.pl\/ro\/wp-json\/wp\/v2\/users\/1"}],"replies":[{"embeddable":true,"href":"https:\/\/trudnednitam.pl\/ro\/wp-json\/wp\/v2\/comments?post=515"}],"version-history":[{"count":1,"href":"https:\/\/trudnednitam.pl\/ro\/wp-json\/wp\/v2\/posts\/515\/revisions"}],"predecessor-version":[{"id":520,"href":"https:\/\/trudnednitam.pl\/ro\/wp-json\/wp\/v2\/posts\/515\/revisions\/520"}],"wp:featuredmedia":[{"embeddable":true,"href":"https:\/\/trudnednitam.pl\/ro\/wp-json\/wp\/v2\/media\/488"}],"wp:attachment":[{"href":"https:\/\/trudnednitam.pl\/ro\/wp-json\/wp\/v2\/media?parent=515"}],"wp:term":[{"taxonomy":"category","embeddable":true,"href":"https:\/\/trudnednitam.pl\/ro\/wp-json\/wp\/v2\/categories?post=515"},{"taxonomy":"post_tag","embeddable":true,"href":"https:\/\/trudnednitam.pl\/ro\/wp-json\/wp\/v2\/tags?post=515"}],"curies":[{"name":"wp","href":"https:\/\/api.w.org\/{rel}","templated":true}]}}